{"id":3530,"date":"2025-09-08T15:26:43","date_gmt":"2025-09-08T15:26:43","guid":{"rendered":"https:\/\/bemee.net\/?p=3530"},"modified":"2025-10-03T16:16:51","modified_gmt":"2025-10-03T16:16:51","slug":"de-semilla-a-sombra-la-filosofia-del-arbol-emprendedor","status":"publish","type":"post","link":"https:\/\/bemee.net\/en\/de-semilla-a-sombra-la-filosofia-del-arbol-emprendedor\/","title":{"rendered":"From Seed to Shade: The Philosophy of the Entrepreneurial Tree"},"content":{"rendered":"<p><strong>Eje MEE:<\/strong> \ud83d\ude80 Emprendimiento &amp; Escalabilidad<\/p>\n\n\n\n<p>Porque un negocio con alma crece como un \u00e1rbol: desde adentro.<\/p>\n\n\n\n<p>Hay muchas formas de emprender. Pero pocas tan poderosas como aquella que nace desde lo profundo, desde una visi\u00f3n sembrada en el alma. As\u00ed comenz\u00f3 mi historia. No con un plan perfecto, sino con una semilla: un sue\u00f1o cargado de prop\u00f3sito y una fe m\u00e1s grande que los recursos que ten\u00eda.<\/p>\n\n\n\n<p>En mi coraz\u00f3n siempre supe que un negocio no es solo una estructura econ\u00f3mica. Es una extensi\u00f3n de quien lo crea. Por eso, con el tiempo, comprend\u00ed que emprender conscientemente es como sembrar un \u00e1rbol.<\/p>\n\n\n\n<p>Primero, est\u00e1 la semilla. La idea, la pasi\u00f3n, el deseo ardiente de servir, de crecer, de dejar huella. Una semilla peque\u00f1a, pero llena de vida.<\/p>\n\n\n\n<p>Despu\u00e9s, viene la etapa m\u00e1s dif\u00edcil: el cuidado invisible. Ese momento en que nadie ve resultados, pero t\u00fa sigues regando, abonando, creyendo. El crecimiento ocurre bajo tierra. As\u00ed es tambi\u00e9n con un negocio. Lo que se ve es solo una parte. Lo m\u00e1s importante se construye en silencio: tu mentalidad, tu energ\u00eda, tu compromiso, tu prop\u00f3sito.<\/p>\n\n\n\n<p>Y un d\u00eda\u2026 nace el brote. Fr\u00e1gil, pero valiente. Como ese primer cliente, ese primer logro, esa primera vez que te atreves a llamarte emprendedora. Y con el tiempo, si no abandonas tu proceso, ese brote se vuelve tronco, y luego ramas, y luego sombra. Primero te da fruto a ti\u2026 pero si lo cultivas con amor, dar\u00e1 sombra a otros. Empleos, inspiraci\u00f3n, oportunidades.<\/p>\n\n\n\n<p>Ese es el momento en que comprendes que tu negocio ya no es solo tuyo. Es un \u00e1rbol que abraza a otros. Un legado en marcha.<\/p>\n\n\n\n<p>Pero para llegar ah\u00ed, hay que estar dispuesta a hacer el trabajo interno. A cuidar la ra\u00edz. A soltar lo que ya no nutre. A podar lo que frena. A confiar en el ritmo del crecimiento. Porque no se puede cosechar sin antes sembrar con paciencia.<\/p>\n\n\n\n<p>Emprender con alma es entender que t\u00fa eres tierra f\u00e9rtil. Que cada reto es parte del abono. Que cada ca\u00edda te ense\u00f1a c\u00f3mo sostenerte mejor.<\/p>\n\n\n\n<p>Hoy te invito a mirar tu negocio como un \u00e1rbol. \u00bfEn qu\u00e9 etapa est\u00e1s? \u00bfQu\u00e9 necesita tu semilla hoy? \u00bfQu\u00e9 parte est\u00e1s descuidando?<\/p>\n\n\n\n<p>Porque tu negocio no se construye solo con estrategias. Se construye con visi\u00f3n, con fe, y con ra\u00edces profundas.<\/p>\n\n\n\n<p>MEE reflexi\u00f3n para ti: \u00bfQu\u00e9 parte de tu negocio necesita m\u00e1s luz, m\u00e1s agua o m\u00e1s paciencia esta semana?<\/p>\n\n\n\n<p>\u2014 M\u00e9lida Alfaro \u270d<\/p>\n\n\n\n<p>Fundadora del Ecosistema MEE<\/p>","protected":false},"excerpt":{"rendered":"<p>Entrepreneurship with soul is like planting a tree: everything begins with a seed filled with purpose. Real growth happens first underground, in silence, when you strengthen your mindset and your commitment. Over time, that sprout becomes trunk, branches, and shade, until it transforms into a legacy that impacts others.<\/p>","protected":false},"author":1,"featured_media":3595,"comment_status":"open","ping_status":"open","sticky":false,"template":"","format":"standard","meta":{"_acf_changed":false,"fifu_image_url":"https:\/\/bemee.net\/wp-content\/uploads\/2025\/10\/De-Semilla-a-Sombra.webp","fifu_image_alt":"Ilustraci\u00f3n de un \u00e1rbol creciendo desde la semilla hasta dar sombra, simbolizando el crecimiento emprendedor con prop\u00f3sito en el blog Be MEE","footnotes":""},"categories":[1],"tags":[],"class_list":["post-3530","post","type-post","status-publish","format-standard","has-post-thumbnail","hentry","category-uncategorized"],"acf":[],"_links":{"self":[{"href":"https:\/\/bemee.net\/en\/wp-json\/wp\/v2\/posts\/3530","targetHints":{"allow":["GET"]}}],"collection":[{"href":"https:\/\/bemee.net\/en\/wp-json\/wp\/v2\/posts"}],"about":[{"href":"https:\/\/bemee.net\/en\/wp-json\/wp\/v2\/types\/post"}],"author":[{"embeddable":true,"href":"https:\/\/bemee.net\/en\/wp-json\/wp\/v2\/users\/1"}],"replies":[{"embeddable":true,"href":"https:\/\/bemee.net\/en\/wp-json\/wp\/v2\/comments?post=3530"}],"version-history":[{"count":4,"href":"https:\/\/bemee.net\/en\/wp-json\/wp\/v2\/posts\/3530\/revisions"}],"predecessor-version":[{"id":3810,"href":"https:\/\/bemee.net\/en\/wp-json\/wp\/v2\/posts\/3530\/revisions\/3810"}],"wp:featuredmedia":[{"embeddable":true,"href":"https:\/\/bemee.net\/en\/wp-json\/wp\/v2\/media\/3595"}],"wp:attachment":[{"href":"https:\/\/bemee.net\/en\/wp-json\/wp\/v2\/media?parent=3530"}],"wp:term":[{"taxonomy":"category","embeddable":true,"href":"https:\/\/bemee.net\/en\/wp-json\/wp\/v2\/categories?post=3530"},{"taxonomy":"post_tag","embeddable":true,"href":"https:\/\/bemee.net\/en\/wp-json\/wp\/v2\/tags?post=3530"}],"curies":[{"name":"wp","href":"https:\/\/api.w.org\/{rel}","templated":true}]}}